{"id":173891,"date":"2024-05-09T16:46:17","date_gmt":"2024-05-09T14:46:17","guid":{"rendered":"http:\/\/www.pugliaetmores.it\/blog\/matera-citta-sotterranea\/"},"modified":"2025-03-14T11:15:05","modified_gmt":"2025-03-14T10:15:05","slug":"matera-citta-sotterranea","status":"publish","type":"blog","link":"http:\/\/www.pugliaetmores.it\/en\/blog\/matera-citta-sotterranea\/","title":{"rendered":"Matera Citt\u00e0 dei Sassi"},"content":{"rendered":"\n<h2 class=\"wp-block-heading has-medium-font-size\">Scopri Matera: la &#8220;Citt\u00e0 dei Sassi&#8221; e la Magia della Capitale della Cultura<\/h2>\n\n\n\n<p>Matera, denominata con i nomi di &#8220;Citt\u00e0 dei Sassi&#8221; e &#8220;Citt\u00e0 Sotterranea&#8221;, \u00e8 un comune italiano di 60.505 abitanti, capoluogo della provincia e secondo pi\u00f9 grande comune per superficie della Basilicata, il diciannovesimo in Italia.  I Sassi sono stati riconosciuti nel 1993 dall&#8217;UNESCO.<\/p>\n\n\n\n<p>Il 17 ottobre 2014 Matera \u00e8 stata riconosciuta come <strong>Capitale europea della cultura<\/strong> 2019, prima citt\u00e0 del meridione italiano a ricevere tale titolo. Nel 2002, inoltre, \u00e8 stato girato il film &#8220;La passione di Cristo&#8221; di Mel Gibson, ambientato nel paesaggio mozzafiato dei Sassi di Matera e della Gravina, il film racconta le ultime dodici ore di Ges\u00f9, dal giardino degli ulivi alla resurrezione con flashback sulla vita passata. Numerosi sono i film e le serie televisive girate in questa localit\u00e0.<\/p>\n\n\n\n<p>Matera \u00e8 nota anche come <strong>citt\u00e0 dei Sassi<\/strong>, proprio per il suo centro storico. Scavati e costruiti a ridosso della Gravina di Matera, dove una profonda gola divide la localit\u00e0 in due, sorgono i Sassi di Matera, rioni che costituiscono la parte antica della citt\u00e0, si distendono in due vallette separate tra loro dallo sperone roccioso della Civita. Questa posizione ha reso\u00a0 la citt\u00e0 invisibile agli occhi dei suoi nemici per millenni, permettendole di uscirne\u00a0 illesa\u00a0 nei secoli di storia.<\/p>\n\n\n\n<h3 class=\"wp-block-heading has-medium-font-size\">Cosa Vedere a Matera<\/h3>\n\n\n\n<p>Ci\u00f2 che rende un&#8217;esperienza unica la visita a Matera \u00e8 proprio la possibilit\u00e0 di perdersi tra i vicoli caratteristici e colmi di storia di questa splendida citt\u00e0 della Basilicata. Ci sono per\u00f2 attrazioni che non puoi assolutamente perderti come: Chiese rupestri, punti panoramici, musei\u2026&nbsp;<\/p>\n\n\n\n<ul class=\"wp-block-list\">\n<li><strong>Belvedere Murgia Timone: <\/strong>Uno dei punti panoramici pi\u00f9 famosi per ammirare Matera al tramonto, con vista spettacolare sui Sassi.<\/li>\n\n\n\n<li><strong>Sasso Barisano<\/strong>: La parte pi\u00f9 grande e turistica, con case-grotta, chiese e botteghe artigianali.<\/li>\n\n\n\n<li><strong>Sasso Caveoso<\/strong>: Pi\u00f9 autentico e meno ristrutturato, ideale per immergersi nella storia antica.<\/li>\n\n\n\n<li><strong>Casa Grotta<\/strong>: Una casa scavata nella roccia, arredata come nei tempi passati, per comprendere la vita quotidiana nei Sassi.<\/li>\n\n\n\n<li><strong>Cattedrale di Matera<\/strong>: Situata nel punto pi\u00f9 alto della citt\u00e0, questa splendida cattedrale in stile romanico-pugliese offre una vista panoramica mozzafiato sui Sassi.<\/li>\n\n\n\n<li><strong>Parco della Murgia Materana: <\/strong>Un parco naturale con sentieri che conducono a chiese rupestri affrescate e panorami spettacolari. Perfetto per chi ama la natura e l&#8217;escursionismo.<\/li>\n\n\n\n<li><strong>Santa Maria de Idris<\/strong>: Una chiesa scavata nella roccia con affreschi antichi.<\/li>\n\n\n\n<li><strong>San Pietro Barisano<\/strong>: La pi\u00f9 grande delle chiese rupestri, con un complesso sistema sotterraneo.<\/li>\n\n\n\n<li><strong>Cripta del Peccato Originale<\/strong>: Conosciuta come la &#8220;Cappella Sistina dell\u2019arte rupestre&#8221;, famosa per i suoi straordinari affreschi.<\/li>\n\n\n\n<li><strong>Museo Nazionale d&#8217;Arte Medievale e Moderna della Basilicata (Palazzo Lanfranchi): <\/strong>Espone opere d\u2019arte medievale e contemporanea, tra cui le tele di Carlo Levi.<\/li>\n\n\n\n<li><strong>Piazza Vittorio Veneto: <\/strong>Una delle piazze principali di Matera, con un accesso alle cisterne sotterranee di Palombaro Lungo, una straordinaria rete idrica scavata nella roccia.<\/li>\n\n\n\n<li><strong>Palombaro Lungo: <\/strong>Una gigantesca cisterna sotterranea, testimonianza ingegneristica del passato della citt\u00e0.<\/li>\n<\/ul>\n\n\n\n<h3 class=\"wp-block-heading has-medium-font-size\">La Gastronomia<strong>&nbsp;<\/strong><\/h3>\n\n\n\n<p>Qui, il legame e la vicinanza con la Gastronomia Pugliese \u00e8 evidente. Piatti come le <strong>orecchiette con cime di rapa<\/strong> o mollica di pane sono prelibatezze che caratterizzano anche questa meta del Sud Italia ma Matera conserva anche un\u2019identit\u00e0 culinaria unica. Non si pu\u00f2 parlare di Matera senza nominare uno tra i suoi simboli: il Celebre <strong>Pane di Matera<\/strong>. Realizzato con farina di grano duro e cotto nei forni pubblici. A questo si aggiungono i <strong>formaggi <\/strong>come pecorino e caciocavallo, i salumi e le verdure selvatiche, accompagnati dai vini DOC locali come il <strong>Matera Primitivo<\/strong>.<\/p>\n\n\n\n<p>La cucina varia tra l\u2019area delle Murge, legata alla vita pastorale, e quella del Metapontino, influenzata dal pesce del mar Ionio e dalla carne locale. Dai <strong>fichi con miele<\/strong> ai dolci settembrini come il <em><strong>pach\u2019nisch<\/strong><\/em>, ogni piatto racconta una storia.\u00a0<\/p>\n\n\n\n<h3 class=\"wp-block-heading has-medium-font-size\">\u201cLa Pettolata\u201d e La tradizione natalizia&#8221;<\/h3>\n\n\n\n<p>\u00a0La festivit\u00e0 natalizia, oltre ai connotati religiosi, ha le sue radici in una tradizione vasta\u00a0 che va dalla cultura musicale a quella gastronomica. <\/p>\n\n\n\n<p>A partire dall\u2019Immacolata, infatti, numerosi piatti tipici venivano preparati nelle case dei materani. Tra tutti le pi\u00f9 rilevanti erano e sono le <em><strong>pettole<\/strong><\/em>, le quali vengono preparate da mani esperte secondo le ricette tramandatesi di madre in figlia per secoli. Farina, acqua, sale, lievito, sono gli ingredienti di un impasto preparato con cura, secondo un rituale antico. Dopo la preparazione iniziale, le palline di pasta vengono immerse nell&#8217;olio bollente extravergine di oliva per friggere e per poi ottenere una doratura uniforme. Le prelibate pettole, in questa festivit\u00e0, saranno accompagnate da buon vino del posto e animato da spettacoli vari.<\/p>\n\n\n\n<h3 class=\"wp-block-heading has-medium-font-size\">Il Natale tra i sassi della citt\u00e0 di Matera<\/h3>\n\n\n\n<p>Durante il periodo natalizio, Matera si trasforma in un enorme <strong>presepe vivente<\/strong>. La citt\u00e0 organizza ogni anno manifestazioni come il <em>Presepe Vivente nei Sassi<\/em>, uno degli eventi pi\u00f9 attesi del Natale materano e offre un&#8217;esperienza immersiva unica nel suo genere. Il Presepe si svolge nel cuore del Sasso Caveoso, presso il Mu.D.E.A. (Museo Demo-Etno-Antropologico). Un luogo caratteristico che durante il periodo Natalizio si trasforma, con scenografie mozzafiato, con la rappresentazione degli antichi mestieri e la partecipazione di oltre 250 tra figuranti, attori e rievocatori storici, diventando magico a tal punto da far vivere un\u2019esperienza unica a tutti coloro che vorranno partecipare. In questi tipi di eventi si ha una particolare attenzione alle persone con disabilit\u00e0 ed ai bambini, a cui saranno dedicate giornate e orari specifici per consentire loro di vivere appieno lo spettacolo del Presepe Vivente.\u00a0<\/p>\n\n\n\n<p>Matera \u00e8 anche famosa per i suoi <strong>mercatini di Natale<\/strong>, allestiti nei principali punti del centro storico, che offrono artigianato locale e specialit\u00e0 gastronomiche come i <em>peperoni cruschi<\/em> e il pane di Matera. La citt\u00e0 organizza concerti, spettacoli, e cene tradizionali che permettono di riscoprire piatti della cucina lucana. La Cattedrale di Matera e altre chiese rupestri ospitano eventi liturgici e concerti di musica sacra, completando cos\u00ec un quadro natalizio suggestivo e spirituale\u200b.<\/p>\n","protected":false},"featured_media":178796,"template":"","categorie-blog":[876],"class_list":["post-173891","blog","type-blog","status-publish","has-post-thumbnail","hentry","categorie-blog-luoghi-da-visitare-in-puglia"],"yoast_head":"<!-- This site is optimized with the Yoast SEO plugin v23.4 - https:\/\/yoast.com\/wordpress\/plugins\/seo\/ -->\n<title>Matera Citt\u00e0 dei Sassi - Puglia et Mores Blog<\/title>\n<meta name=\"description\" content=\"Matera, denominata con i nomi di &quot;Citt\u00e0 dei Sassi&quot; e &quot;Citt\u00e0 Sotterranea&quot;, riconosciuta come Capitale europea della cultura 2019\" \/>\n<meta name=\"robots\" content=\"index, follow, max-snippet:-1, max-image-preview:large, max-video-preview:-1\" \/>\n<link rel=\"canonical\" href=\"http:\/\/www.pugliaetmores.it\/en\/blog\/matera-citta-sotterranea\/\" \/>\n<meta property=\"og:locale\" content=\"en_US\" \/>\n<meta property=\"og:type\" content=\"article\" \/>\n<meta property=\"og:title\" content=\"Matera Citt\u00e0 dei Sassi - Puglia et Mores Blog\" \/>\n<meta property=\"og:description\" content=\"Matera, denominata con i nomi di &quot;Citt\u00e0 dei Sassi&quot; e &quot;Citt\u00e0 Sotterranea&quot;, riconosciuta come Capitale europea della cultura 2019\" \/>\n<meta property=\"og:url\" content=\"http:\/\/www.pugliaetmores.it\/en\/blog\/matera-citta-sotterranea\/\" \/>\n<meta property=\"og:site_name\" content=\"Puglia et Mores\" \/>\n<meta property=\"article:publisher\" content=\"https:\/\/www.facebook.com\/PugliaEtMores\" \/>\n<meta property=\"article:modified_time\" content=\"2025-03-14T10:15:05+00:00\" \/>\n<meta property=\"og:image\" content=\"https:\/\/www.pugliaetmores.it\/wp-content\/uploads\/2024\/05\/BlogNP24-Matera2.jpg\" \/>\n\t<meta property=\"og:image:width\" content=\"1200\" \/>\n\t<meta property=\"og:image:height\" content=\"800\" \/>\n\t<meta property=\"og:image:type\" content=\"image\/jpeg\" \/>\n<meta name=\"twitter:card\" content=\"summary_large_image\" \/>\n<meta name=\"twitter:label1\" content=\"Est. reading time\" \/>\n\t<meta name=\"twitter:data1\" content=\"6 minutes\" \/>\n<script type=\"application\/ld+json\" class=\"yoast-schema-graph\">{\"@context\":\"https:\/\/schema.org\",\"@graph\":[{\"@type\":\"WebPage\",\"@id\":\"https:\/\/www.pugliaetmores.it\/blog\/matera-citta-sotterranea\/\",\"url\":\"https:\/\/www.pugliaetmores.it\/blog\/matera-citta-sotterranea\/\",\"name\":\"Matera Citt\u00e0 dei Sassi - Puglia et Mores Blog\",\"isPartOf\":{\"@id\":\"https:\/\/www.pugliaetmores.it\/#website\"},\"primaryImageOfPage\":{\"@id\":\"https:\/\/www.pugliaetmores.it\/blog\/matera-citta-sotterranea\/#primaryimage\"},\"image\":{\"@id\":\"https:\/\/www.pugliaetmores.it\/blog\/matera-citta-sotterranea\/#primaryimage\"},\"thumbnailUrl\":\"http:\/\/www.pugliaetmores.it\/wp-content\/uploads\/2024\/05\/BlogNP24-Matera2.jpg\",\"datePublished\":\"2024-05-09T14:46:17+00:00\",\"dateModified\":\"2025-03-14T10:15:05+00:00\",\"description\":\"Matera, denominata con i nomi di \\\"Citt\u00e0 dei Sassi\\\" e \\\"Citt\u00e0 Sotterranea\\\", riconosciuta come Capitale europea della cultura 2019\",\"breadcrumb\":{\"@id\":\"https:\/\/www.pugliaetmores.it\/blog\/matera-citta-sotterranea\/#breadcrumb\"},\"inLanguage\":\"en-US\",\"potentialAction\":[{\"@type\":\"ReadAction\",\"target\":[\"https:\/\/www.pugliaetmores.it\/blog\/matera-citta-sotterranea\/\"]}]},{\"@type\":\"ImageObject\",\"inLanguage\":\"en-US\",\"@id\":\"https:\/\/www.pugliaetmores.it\/blog\/matera-citta-sotterranea\/#primaryimage\",\"url\":\"http:\/\/www.pugliaetmores.it\/wp-content\/uploads\/2024\/05\/BlogNP24-Matera2.jpg\",\"contentUrl\":\"http:\/\/www.pugliaetmores.it\/wp-content\/uploads\/2024\/05\/BlogNP24-Matera2.jpg\",\"width\":1200,\"height\":800,\"caption\":\"Matera: citt\u00e0 dei sassi\"},{\"@type\":\"BreadcrumbList\",\"@id\":\"https:\/\/www.pugliaetmores.it\/blog\/matera-citta-sotterranea\/#breadcrumb\",\"itemListElement\":[{\"@type\":\"ListItem\",\"position\":1,\"name\":\"Home\",\"item\":\"https:\/\/www.pugliaetmores.it\/\"},{\"@type\":\"ListItem\",\"position\":2,\"name\":\"Blog\",\"item\":\"https:\/\/www.pugliaetmores.it\/blog\/\"},{\"@type\":\"ListItem\",\"position\":3,\"name\":\"Matera Citt\u00e0 dei Sassi\"}]},{\"@type\":\"WebSite\",\"@id\":\"https:\/\/www.pugliaetmores.it\/#website\",\"url\":\"https:\/\/www.pugliaetmores.it\/\",\"name\":\"Puglia et mores\",\"description\":\"Puglia et Mores\",\"publisher\":{\"@id\":\"https:\/\/www.pugliaetmores.it\/#organization\"},\"potentialAction\":[{\"@type\":\"SearchAction\",\"target\":{\"@type\":\"EntryPoint\",\"urlTemplate\":\"https:\/\/www.pugliaetmores.it\/?s={search_term_string}\"},\"query-input\":{\"@type\":\"PropertyValueSpecification\",\"valueRequired\":true,\"valueName\":\"search_term_string\"}}],\"inLanguage\":\"en-US\"},{\"@type\":\"Organization\",\"@id\":\"https:\/\/www.pugliaetmores.it\/#organization\",\"name\":\"Puglia et mores\",\"url\":\"https:\/\/www.pugliaetmores.it\/\",\"logo\":{\"@type\":\"ImageObject\",\"inLanguage\":\"en-US\",\"@id\":\"https:\/\/www.pugliaetmores.it\/#\/schema\/logo\/image\/\",\"url\":\"\",\"contentUrl\":\"\",\"width\":300,\"height\":92,\"caption\":\"Puglia et mores\"},\"image\":{\"@id\":\"https:\/\/www.pugliaetmores.it\/#\/schema\/logo\/image\/\"},\"sameAs\":[\"https:\/\/www.facebook.com\/PugliaEtMores\"]}]}<\/script>\n<!-- \/ Yoast SEO plugin. -->","yoast_head_json":{"title":"Matera Citt\u00e0 dei Sassi - Puglia et Mores Blog","description":"Matera, denominata con i nomi di \"Citt\u00e0 dei Sassi\" e \"Citt\u00e0 Sotterranea\", riconosciuta come Capitale europea della cultura 2019","robots":{"index":"index","follow":"follow","max-snippet":"max-snippet:-1","max-image-preview":"max-image-preview:large","max-video-preview":"max-video-preview:-1"},"canonical":"http:\/\/www.pugliaetmores.it\/en\/blog\/matera-citta-sotterranea\/","og_locale":"en_US","og_type":"article","og_title":"Matera Citt\u00e0 dei Sassi - Puglia et Mores Blog","og_description":"Matera, denominata con i nomi di \"Citt\u00e0 dei Sassi\" e \"Citt\u00e0 Sotterranea\", riconosciuta come Capitale europea della cultura 2019","og_url":"http:\/\/www.pugliaetmores.it\/en\/blog\/matera-citta-sotterranea\/","og_site_name":"Puglia et Mores","article_publisher":"https:\/\/www.facebook.com\/PugliaEtMores","article_modified_time":"2025-03-14T10:15:05+00:00","og_image":[{"width":1200,"height":800,"url":"https:\/\/www.pugliaetmores.it\/wp-content\/uploads\/2024\/05\/BlogNP24-Matera2.jpg","type":"image\/jpeg"}],"twitter_card":"summary_large_image","twitter_misc":{"Est. reading time":"6 minutes"},"schema":{"@context":"https:\/\/schema.org","@graph":[{"@type":"WebPage","@id":"https:\/\/www.pugliaetmores.it\/blog\/matera-citta-sotterranea\/","url":"https:\/\/www.pugliaetmores.it\/blog\/matera-citta-sotterranea\/","name":"Matera Citt\u00e0 dei Sassi - Puglia et Mores Blog","isPartOf":{"@id":"https:\/\/www.pugliaetmores.it\/#website"},"primaryImageOfPage":{"@id":"https:\/\/www.pugliaetmores.it\/blog\/matera-citta-sotterranea\/#primaryimage"},"image":{"@id":"https:\/\/www.pugliaetmores.it\/blog\/matera-citta-sotterranea\/#primaryimage"},"thumbnailUrl":"http:\/\/www.pugliaetmores.it\/wp-content\/uploads\/2024\/05\/BlogNP24-Matera2.jpg","datePublished":"2024-05-09T14:46:17+00:00","dateModified":"2025-03-14T10:15:05+00:00","description":"Matera, denominata con i nomi di \"Citt\u00e0 dei Sassi\" e \"Citt\u00e0 Sotterranea\", riconosciuta come Capitale europea della cultura 2019","breadcrumb":{"@id":"https:\/\/www.pugliaetmores.it\/blog\/matera-citta-sotterranea\/#breadcrumb"},"inLanguage":"en-US","potentialAction":[{"@type":"ReadAction","target":["https:\/\/www.pugliaetmores.it\/blog\/matera-citta-sotterranea\/"]}]},{"@type":"ImageObject","inLanguage":"en-US","@id":"https:\/\/www.pugliaetmores.it\/blog\/matera-citta-sotterranea\/#primaryimage","url":"http:\/\/www.pugliaetmores.it\/wp-content\/uploads\/2024\/05\/BlogNP24-Matera2.jpg","contentUrl":"http:\/\/www.pugliaetmores.it\/wp-content\/uploads\/2024\/05\/BlogNP24-Matera2.jpg","width":1200,"height":800,"caption":"Matera: citt\u00e0 dei sassi"},{"@type":"BreadcrumbList","@id":"https:\/\/www.pugliaetmores.it\/blog\/matera-citta-sotterranea\/#breadcrumb","itemListElement":[{"@type":"ListItem","position":1,"name":"Home","item":"https:\/\/www.pugliaetmores.it\/"},{"@type":"ListItem","position":2,"name":"Blog","item":"https:\/\/www.pugliaetmores.it\/blog\/"},{"@type":"ListItem","position":3,"name":"Matera Citt\u00e0 dei Sassi"}]},{"@type":"WebSite","@id":"https:\/\/www.pugliaetmores.it\/#website","url":"https:\/\/www.pugliaetmores.it\/","name":"Puglia et mores","description":"Puglia et Mores","publisher":{"@id":"https:\/\/www.pugliaetmores.it\/#organization"},"potentialAction":[{"@type":"SearchAction","target":{"@type":"EntryPoint","urlTemplate":"https:\/\/www.pugliaetmores.it\/?s={search_term_string}"},"query-input":{"@type":"PropertyValueSpecification","valueRequired":true,"valueName":"search_term_string"}}],"inLanguage":"en-US"},{"@type":"Organization","@id":"https:\/\/www.pugliaetmores.it\/#organization","name":"Puglia et mores","url":"https:\/\/www.pugliaetmores.it\/","logo":{"@type":"ImageObject","inLanguage":"en-US","@id":"https:\/\/www.pugliaetmores.it\/#\/schema\/logo\/image\/","url":"","contentUrl":"","width":300,"height":92,"caption":"Puglia et mores"},"image":{"@id":"https:\/\/www.pugliaetmores.it\/#\/schema\/logo\/image\/"},"sameAs":["https:\/\/www.facebook.com\/PugliaEtMores"]}]}},"_links":{"self":[{"href":"http:\/\/www.pugliaetmores.it\/en\/wp-json\/wp\/v2\/blog\/173891","targetHints":{"allow":["GET"]}}],"collection":[{"href":"http:\/\/www.pugliaetmores.it\/en\/wp-json\/wp\/v2\/blog"}],"about":[{"href":"http:\/\/www.pugliaetmores.it\/en\/wp-json\/wp\/v2\/types\/blog"}],"version-history":[{"count":9,"href":"http:\/\/www.pugliaetmores.it\/en\/wp-json\/wp\/v2\/blog\/173891\/revisions"}],"predecessor-version":[{"id":178466,"href":"http:\/\/www.pugliaetmores.it\/en\/wp-json\/wp\/v2\/blog\/173891\/revisions\/178466"}],"wp:featuredmedia":[{"embeddable":true,"href":"http:\/\/www.pugliaetmores.it\/en\/wp-json\/wp\/v2\/media\/178796"}],"wp:attachment":[{"href":"http:\/\/www.pugliaetmores.it\/en\/wp-json\/wp\/v2\/media?parent=173891"}],"wp:term":[{"taxonomy":"categorie-blog","embeddable":true,"href":"http:\/\/www.pugliaetmores.it\/en\/wp-json\/wp\/v2\/categorie-blog?post=173891"}],"curies":[{"name":"wp","href":"https:\/\/api.w.org\/{rel}","templated":true}]}}